{"id":1079,"date":"2020-12-05T22:40:13","date_gmt":"2020-12-06T03:40:13","guid":{"rendered":"https:\/\/francbalanta.com\/blog\/?p=1079"},"modified":"2021-10-22T15:57:50","modified_gmt":"2021-10-22T15:57:50","slug":"daniel-chantal-maillard-piedad-bonnett","status":"publish","type":"post","link":"https:\/\/francbalanta.com\/blog\/literatura\/poesia\/daniel-chantal-maillard-piedad-bonnett\/","title":{"rendered":"Daniel &#8211; Chantal Maillard &#038; Piedad Bonnett"},"content":{"rendered":"\n<h2 class=\"has-text-align-center wp-block-heading\">Sinopsis<\/h2>\n\n\n\n<p class=\"has-text-align-center\">Dos hijos. Un mismo nombre. Una misma decisi\u00f3n. Un mismo gesto. Dos madres frente a un mismo abismo. Contra el tab\u00fa. Por esa libertad. Por el coraje del suicida. Como homenaje. \u00abDaniel. Voces en duelo se concibi\u00f3 como homenaje a la memoria de nuestros respectivos hijos y fue oficiado en escena el 20 de octubre de 2018 en M\u00e1laga, en el Centro Cultural M.V.A, como clausura del Festival de Poes\u00eda Irreconciliables\u00bb. (Chantal Maillard, 2020).<\/p>\n","protected":false},"excerpt":{"rendered":"<p>Sinopsis Dos hijos. Un mismo nombre. Una misma decisi\u00f3n. Un mismo gesto. Dos madres frente a un mismo abismo. Contra el tab\u00fa. Por esa libertad. Por el coraje del suicida. Como homenaje. \u00abDaniel. Voces en duelo se concibi\u00f3 como homenaje a la memoria de nuestros respectivos hijos y fue oficiado en escena el 20 de octubre de 2018 en M\u00e1laga,&hellip;<\/p>\n","protected":false},"author":1,"featured_media":2013,"comment_status":"open","ping_status":"open","sticky":false,"template":"","format":"standard","meta":{"footnotes":""},"categories":[75],"tags":[],"class_list":["post-1079","post","type-post","status-publish","format-standard","has-post-thumbnail","hentry","category-poesia"],"_links":{"self":[{"href":"https:\/\/francbalanta.com\/blog\/wp-json\/wp\/v2\/posts\/1079","targetHints":{"allow":["GET"]}}],"collection":[{"href":"https:\/\/francbalanta.com\/blog\/wp-json\/wp\/v2\/posts"}],"about":[{"href":"https:\/\/francbalanta.com\/blog\/wp-json\/wp\/v2\/types\/post"}],"author":[{"embeddable":true,"href":"https:\/\/francbalanta.com\/blog\/wp-json\/wp\/v2\/users\/1"}],"replies":[{"embeddable":true,"href":"https:\/\/francbalanta.com\/blog\/wp-json\/wp\/v2\/comments?post=1079"}],"version-history":[{"count":2,"href":"https:\/\/francbalanta.com\/blog\/wp-json\/wp\/v2\/posts\/1079\/revisions"}],"predecessor-version":[{"id":2014,"href":"https:\/\/francbalanta.com\/blog\/wp-json\/wp\/v2\/posts\/1079\/revisions\/2014"}],"wp:featuredmedia":[{"embeddable":true,"href":"https:\/\/francbalanta.com\/blog\/wp-json\/wp\/v2\/media\/2013"}],"wp:attachment":[{"href":"https:\/\/francbalanta.com\/blog\/wp-json\/wp\/v2\/media?parent=1079"}],"wp:term":[{"taxonomy":"category","embeddable":true,"href":"https:\/\/francbalanta.com\/blog\/wp-json\/wp\/v2\/categories?post=1079"},{"taxonomy":"post_tag","embeddable":true,"href":"https:\/\/francbalanta.com\/blog\/wp-json\/wp\/v2\/tags?post=1079"}],"curies":[{"name":"wp","href":"https:\/\/api.w.org\/{rel}","templated":true}]}}