{"id":2221,"date":"2021-08-18T18:18:00","date_gmt":"2021-08-18T23:18:00","guid":{"rendered":"https:\/\/francbalanta.com\/blog\/?p=2221"},"modified":"2022-04-19T12:13:52","modified_gmt":"2022-04-19T17:13:52","slug":"de-la-brevedad-de-la-vida-seneca","status":"publish","type":"post","link":"https:\/\/francbalanta.com\/blog\/filosofia\/de-la-brevedad-de-la-vida-seneca\/","title":{"rendered":"De la brevedad de la vida &#8211; S\u00e9neca"},"content":{"rendered":"\n<h2 class=\"has-text-align-left wp-block-heading\">Sinopsis<\/h2>\n\n\n\n<p class=\"has-drop-cap has-text-align-left\">Con la frase \u00abel espacio que vivimos no es vida sino tiempo\u00bb, S\u00e9neca nos introduce de lleno en la filosof\u00eda de la vida, en el hecho de vivir, en la brevedad de ese espacio de tiempo que se nos concede. Pero en ese espacio, que es exiguo, debemos, nos dice el fil\u00f3sofo latino, aprender a vivir y a morir, cosa que no es f\u00e1cil, afirma tambi\u00e9n. Al parecer, sigue diciendo el maestro, algunos grandes hombres que han existido, a pesar de renunciar, abandonar y desprenderse de todo aquello que les serv\u00eda de r\u00e9mora, como las riquezas, empleos y placeres, para aprender a vivir, muchos de ellos dejaron este mundo confesando que no lo consiguieron. Seg\u00fan S\u00e9neca \u00abla brevedad de la vida\u00bb es solo para aquellos que la malgastan con actividades m\u00faltiples y distintas del estudio de la filosof\u00eda. Estos desconocen el valor del tiempo, el pasado no lo controlan, el presente se les va de las manos y tienen p\u00e1nico al futuro, es decir, solo los fil\u00f3sofos son los que han entendido y han aprendido a valorar el tiempo en sus tres momentos y han aprendido a vivir y a morir, por lo tanto solo el sabio es el \u00fanico capaz de disfrutar \u00edntegramente de la vida.<\/p>\n","protected":false},"excerpt":{"rendered":"<p>Sinopsis Con la frase \u00abel espacio que vivimos no es vida sino tiempo\u00bb, S\u00e9neca nos introduce de lleno en la filosof\u00eda de la vida, en el hecho de vivir, en la brevedad de ese espacio de tiempo que se nos concede. Pero en ese espacio, que es exiguo, debemos, nos dice el fil\u00f3sofo latino, aprender a vivir y a morir,&hellip;<\/p>\n","protected":false},"author":1,"featured_media":2222,"comment_status":"open","ping_status":"open","sticky":false,"template":"","format":"standard","meta":{"footnotes":""},"categories":[63],"tags":[],"class_list":["post-2221","post","type-post","status-publish","format-standard","has-post-thumbnail","hentry","category-filosofia"],"_links":{"self":[{"href":"https:\/\/francbalanta.com\/blog\/wp-json\/wp\/v2\/posts\/2221","targetHints":{"allow":["GET"]}}],"collection":[{"href":"https:\/\/francbalanta.com\/blog\/wp-json\/wp\/v2\/posts"}],"about":[{"href":"https:\/\/francbalanta.com\/blog\/wp-json\/wp\/v2\/types\/post"}],"author":[{"embeddable":true,"href":"https:\/\/francbalanta.com\/blog\/wp-json\/wp\/v2\/users\/1"}],"replies":[{"embeddable":true,"href":"https:\/\/francbalanta.com\/blog\/wp-json\/wp\/v2\/comments?post=2221"}],"version-history":[{"count":2,"href":"https:\/\/francbalanta.com\/blog\/wp-json\/wp\/v2\/posts\/2221\/revisions"}],"predecessor-version":[{"id":2663,"href":"https:\/\/francbalanta.com\/blog\/wp-json\/wp\/v2\/posts\/2221\/revisions\/2663"}],"wp:featuredmedia":[{"embeddable":true,"href":"https:\/\/francbalanta.com\/blog\/wp-json\/wp\/v2\/media\/2222"}],"wp:attachment":[{"href":"https:\/\/francbalanta.com\/blog\/wp-json\/wp\/v2\/media?parent=2221"}],"wp:term":[{"taxonomy":"category","embeddable":true,"href":"https:\/\/francbalanta.com\/blog\/wp-json\/wp\/v2\/categories?post=2221"},{"taxonomy":"post_tag","embeddable":true,"href":"https:\/\/francbalanta.com\/blog\/wp-json\/wp\/v2\/tags?post=2221"}],"curies":[{"name":"wp","href":"https:\/\/api.w.org\/{rel}","templated":true}]}}