{"id":3039,"date":"2022-11-07T13:11:07","date_gmt":"2022-11-07T18:11:07","guid":{"rendered":"https:\/\/francbalanta.com\/blog\/?p=3039"},"modified":"2022-11-08T21:09:50","modified_gmt":"2022-11-09T02:09:50","slug":"los-heraldos-negros-cesar-vallejo","status":"publish","type":"post","link":"https:\/\/francbalanta.com\/blog\/literatura\/poesia\/los-heraldos-negros-cesar-vallejo\/","title":{"rendered":"Los Heraldos Negros &#8211; Cesar Vallejo"},"content":{"rendered":"\n<h2 class=\"wp-block-heading\">Sinopsis<\/h2>\n\n\n\n<p>&#8220;Yo nac\u00ed un d\u00eda en el que Dios estaba enfermo, grave.&#8221; El poema introductorio &#8220;Los heraldos negros&#8221;, que da nombre al poemario, es la antesala que nos anuncia el car\u00e1cter apesadumbrado y de tintes oscuros que va a tener todo el libro. El recuerdo reciente de las p\u00e9rdidas personales de amigos y familiares y la incomprensi\u00f3n humana hacia el sufrimiento del pr\u00f3jimo, hace que el yo po\u00e9tico se sumerja en la angustia existencial. C\u00e9sar Vallejo intenta representar su experiencia vital en su forma m\u00e1s completa, expresando la naturaleza interna de las emociones sin preocuparse de la realidad externa. Adapta el lenguaje para expresar sentimientos como la desolaci\u00f3n, el dolor en la b\u00fasqueda desesperada del momento amoroso, los golpes de la vida y los desenga\u00f1os que anuncian la desolaci\u00f3n y la muerte. Una profunda tristeza empa\u00f1a muchas de sus composiciones ya desde el inicio de Los heraldos negros, por esta raz\u00f3n el paulatino alejamiento del Modernismo en \u00e9sta y en otras composiciones es patente. Frente a la belleza y perfecci\u00f3n formal y la sensualidad y colorido de la imaginer\u00eda modernista, no hay espacio para un yo po\u00e9tico desgarrador y lleno de incertidumbre &#8220;Hay golpes en la vida, tan fuertes\u2026 \u00a1Yo no s\u00e9!&#8221; La presente edici\u00f3n respeta la peculiar ortograf\u00eda de C\u00e9sar Vallejo.<\/p>\n","protected":false},"excerpt":{"rendered":"<p>Sinopsis &#8220;Yo nac\u00ed un d\u00eda en el que Dios estaba enfermo, grave.&#8221; El poema introductorio &#8220;Los heraldos negros&#8221;, que da nombre al poemario, es la antesala que nos anuncia el car\u00e1cter apesadumbrado y de tintes oscuros que va a tener todo el libro. El recuerdo reciente de las p\u00e9rdidas personales de amigos y familiares y la incomprensi\u00f3n humana hacia el&hellip;<\/p>\n","protected":false},"author":1,"featured_media":3127,"comment_status":"open","ping_status":"open","sticky":false,"template":"","format":"standard","meta":{"footnotes":""},"categories":[75],"tags":[],"class_list":["post-3039","post","type-post","status-publish","format-standard","has-post-thumbnail","hentry","category-poesia"],"_links":{"self":[{"href":"https:\/\/francbalanta.com\/blog\/wp-json\/wp\/v2\/posts\/3039","targetHints":{"allow":["GET"]}}],"collection":[{"href":"https:\/\/francbalanta.com\/blog\/wp-json\/wp\/v2\/posts"}],"about":[{"href":"https:\/\/francbalanta.com\/blog\/wp-json\/wp\/v2\/types\/post"}],"author":[{"embeddable":true,"href":"https:\/\/francbalanta.com\/blog\/wp-json\/wp\/v2\/users\/1"}],"replies":[{"embeddable":true,"href":"https:\/\/francbalanta.com\/blog\/wp-json\/wp\/v2\/comments?post=3039"}],"version-history":[{"count":1,"href":"https:\/\/francbalanta.com\/blog\/wp-json\/wp\/v2\/posts\/3039\/revisions"}],"predecessor-version":[{"id":3041,"href":"https:\/\/francbalanta.com\/blog\/wp-json\/wp\/v2\/posts\/3039\/revisions\/3041"}],"wp:featuredmedia":[{"embeddable":true,"href":"https:\/\/francbalanta.com\/blog\/wp-json\/wp\/v2\/media\/3127"}],"wp:attachment":[{"href":"https:\/\/francbalanta.com\/blog\/wp-json\/wp\/v2\/media?parent=3039"}],"wp:term":[{"taxonomy":"category","embeddable":true,"href":"https:\/\/francbalanta.com\/blog\/wp-json\/wp\/v2\/categories?post=3039"},{"taxonomy":"post_tag","embeddable":true,"href":"https:\/\/francbalanta.com\/blog\/wp-json\/wp\/v2\/tags?post=3039"}],"curies":[{"name":"wp","href":"https:\/\/api.w.org\/{rel}","templated":true}]}}