{"id":3600,"date":"2023-11-01T15:11:00","date_gmt":"2023-11-01T20:11:00","guid":{"rendered":"https:\/\/francbalanta.com\/blog\/?p=3600"},"modified":"2024-03-14T21:19:38","modified_gmt":"2024-03-15T02:19:38","slug":"la-caida-de-la-casa-usher-edgar-allan-poe","status":"publish","type":"post","link":"https:\/\/francbalanta.com\/blog\/literatura\/cuento\/la-caida-de-la-casa-usher-edgar-allan-poe\/","title":{"rendered":"La caida de la casa Usher &#8211; Edgar Allan Poe"},"content":{"rendered":"\n<h2 class=\"wp-block-heading\">Sinopsis<\/h2>\n\n\n\n<p class=\"has-large-font-size\">La ca\u00edda de la Casa Usher es la quintaesencia del cuento g\u00f3tico: una casa embrujada, un paisaje l\u00fagubre, dos hermanos gemelos, una enfermedad misteriosa\u2026 Todos los elementos del g\u00e9nero son f\u00e1cilmente identificables y, sin embargo, parte del terror que inspira esta historia se debe a su vaguedad; no podemos decir a ciencia cierta en qu\u00e9 parte del mundo o exactamente cu\u00e1ndo tiene lugar la historia. Estamos solos con el narrador en este espacio embrujado, y ni nosotros ni el narrador sabemos por qu\u00e9. Publicado por primera vez en la revista Burton\u2019s Gentleman\u2019s Magazine en 1839, es una de las obras de Poe preferidas por la cr\u00edtica.<\/p>\n","protected":false},"excerpt":{"rendered":"<p>Sinopsis La ca\u00edda de la Casa Usher es la quintaesencia del cuento g\u00f3tico: una casa embrujada, un paisaje l\u00fagubre, dos hermanos gemelos, una enfermedad misteriosa\u2026 Todos los elementos del g\u00e9nero son f\u00e1cilmente identificables y, sin embargo, parte del terror que inspira esta historia se debe a su vaguedad; no podemos decir a ciencia cierta en qu\u00e9 parte del mundo o&hellip;<\/p>\n","protected":false},"author":1,"featured_media":3642,"comment_status":"open","ping_status":"open","sticky":false,"template":"","format":"standard","meta":{"footnotes":""},"categories":[141],"tags":[240],"class_list":["post-3600","post","type-post","status-publish","format-standard","has-post-thumbnail","hentry","category-cuento","tag-edgar-allan-poe"],"_links":{"self":[{"href":"https:\/\/francbalanta.com\/blog\/wp-json\/wp\/v2\/posts\/3600","targetHints":{"allow":["GET"]}}],"collection":[{"href":"https:\/\/francbalanta.com\/blog\/wp-json\/wp\/v2\/posts"}],"about":[{"href":"https:\/\/francbalanta.com\/blog\/wp-json\/wp\/v2\/types\/post"}],"author":[{"embeddable":true,"href":"https:\/\/francbalanta.com\/blog\/wp-json\/wp\/v2\/users\/1"}],"replies":[{"embeddable":true,"href":"https:\/\/francbalanta.com\/blog\/wp-json\/wp\/v2\/comments?post=3600"}],"version-history":[{"count":2,"href":"https:\/\/francbalanta.com\/blog\/wp-json\/wp\/v2\/posts\/3600\/revisions"}],"predecessor-version":[{"id":3643,"href":"https:\/\/francbalanta.com\/blog\/wp-json\/wp\/v2\/posts\/3600\/revisions\/3643"}],"wp:featuredmedia":[{"embeddable":true,"href":"https:\/\/francbalanta.com\/blog\/wp-json\/wp\/v2\/media\/3642"}],"wp:attachment":[{"href":"https:\/\/francbalanta.com\/blog\/wp-json\/wp\/v2\/media?parent=3600"}],"wp:term":[{"taxonomy":"category","embeddable":true,"href":"https:\/\/francbalanta.com\/blog\/wp-json\/wp\/v2\/categories?post=3600"},{"taxonomy":"post_tag","embeddable":true,"href":"https:\/\/francbalanta.com\/blog\/wp-json\/wp\/v2\/tags?post=3600"}],"curies":[{"name":"wp","href":"https:\/\/api.w.org\/{rel}","templated":true}]}}