{"id":4114,"date":"2025-06-21T08:11:09","date_gmt":"2025-06-21T13:11:09","guid":{"rendered":"https:\/\/francbalanta.com\/blog\/?p=4114"},"modified":"2025-09-13T16:33:07","modified_gmt":"2025-09-13T21:33:07","slug":"solsticio-en-ccmi","status":"publish","type":"post","link":"https:\/\/francbalanta.com\/blog\/obra\/musica\/jam\/solsticio-en-ccmi\/","title":{"rendered":"Jam de Solsticio en CCMI"},"content":{"rendered":"\n<p>Jam con el instrumento colectivo: \u00abEl Estante de Sonidos\u00bb. Junto a Rub\u00e9n Mendoza, Sara \u00c1vila, Bombo Man y Compa\u00f1ia. Despu\u00e9s del concierto performance <strong>Ludos: Juegos Narrativos<\/strong> por el <em>Laboratorio de Creaci\u00f3n Colectiva y M\u00fasica Experimental<\/em> en el <strong>Centro de Creaci\u00f3n M\u00fasical Interdisciplinaria<\/strong>. Solsticio de Junio 21 de 2025 en Cali, Colombia.<br><\/p>\n\n\n\n<div style=\"height:100px\" aria-hidden=\"true\" class=\"wp-block-spacer\"><\/div>\n\n\n\n<h2 class=\"wp-block-heading has-text-align-center\">Video (extracto)<\/h2>\n\n\n\n<figure class=\"wp-block-video\"><video height=\"256\" style=\"aspect-ratio: 464 \/ 256;\" width=\"464\" controls src=\"https:\/\/francbalanta.com\/blog\/wp-content\/uploads\/2025\/06\/Jam-Solsiticio-21-de-Junio.mp4\"><\/video><\/figure>\n\n\n\n<p class=\"has-text-align-center has-small-font-size\">Video: Centro de Creaci\u00f3n M\u00fasical Interdisciplinaria<\/p>\n\n\n\n<div style=\"height:50px\" aria-hidden=\"true\" class=\"wp-block-spacer\"><\/div>\n\n\n\n<h2 class=\"wp-block-heading has-text-align-center\">Audio (completo)<\/h2>\n\n\n\n<figure class=\"wp-block-audio\"><audio controls src=\"https:\/\/francbalanta.com\/blog\/wp-content\/uploads\/2025\/06\/Jam-Solsticio-CCMI-128.mp3\"><\/audio><\/figure>\n\n\n\n<div style=\"height:50px\" aria-hidden=\"true\" class=\"wp-block-spacer\"><\/div>\n\n\n<div class=\"wp-block-image\">\n<figure class=\"aligncenter size-large\"><img loading=\"lazy\" decoding=\"async\" width=\"1024\" height=\"640\" src=\"https:\/\/francbalanta.com\/blog\/wp-content\/uploads\/2025\/06\/Jam-Solsticio-Junio-CCMI-Photo-1-1024x640.jpg\" alt=\"\" class=\"wp-image-4139\" srcset=\"https:\/\/francbalanta.com\/blog\/wp-content\/uploads\/2025\/06\/Jam-Solsticio-Junio-CCMI-Photo-1-1024x640.jpg 1024w, https:\/\/francbalanta.com\/blog\/wp-content\/uploads\/2025\/06\/Jam-Solsticio-Junio-CCMI-Photo-1-300x188.jpg 300w, https:\/\/francbalanta.com\/blog\/wp-content\/uploads\/2025\/06\/Jam-Solsticio-Junio-CCMI-Photo-1-768x480.jpg 768w, https:\/\/francbalanta.com\/blog\/wp-content\/uploads\/2025\/06\/Jam-Solsticio-Junio-CCMI-Photo-1-370x231.jpg 370w, https:\/\/francbalanta.com\/blog\/wp-content\/uploads\/2025\/06\/Jam-Solsticio-Junio-CCMI-Photo-1-760x475.jpg 760w, https:\/\/francbalanta.com\/blog\/wp-content\/uploads\/2025\/06\/Jam-Solsticio-Junio-CCMI-Photo-1.jpg 1280w\" sizes=\"auto, (max-width: 1024px) 100vw, 1024px\" \/><\/figure>\n<\/div>\n\n\n<p><\/p>\n","protected":false},"excerpt":{"rendered":"<p>Jam con el instrumento colectivo: \u00abEl Estante de Sonidos\u00bb. Junto a Rub\u00e9n Mendoza, Sara \u00c1vila, Bombo Man y Compa\u00f1ia. Despu\u00e9s del concierto performance Ludos: Juegos Narrativos por el Laboratorio de Creaci\u00f3n Colectiva y M\u00fasica Experimental en el Centro de Creaci\u00f3n M\u00fasical Interdisciplinaria. Solsticio de Junio 21 de 2025 en Cali, Colombia. Video (extracto) Video: Centro de Creaci\u00f3n M\u00fasical Interdisciplinaria Audio&hellip;<\/p>\n","protected":false},"author":1,"featured_media":4140,"comment_status":"open","ping_status":"open","sticky":false,"template":"","format":"standard","meta":{"footnotes":""},"categories":[227],"tags":[259,258],"class_list":["post-4114","post","type-post","status-publish","format-standard","has-post-thumbnail","hentry","category-jam","tag-colectivo","tag-experimental"],"_links":{"self":[{"href":"https:\/\/francbalanta.com\/blog\/wp-json\/wp\/v2\/posts\/4114","targetHints":{"allow":["GET"]}}],"collection":[{"href":"https:\/\/francbalanta.com\/blog\/wp-json\/wp\/v2\/posts"}],"about":[{"href":"https:\/\/francbalanta.com\/blog\/wp-json\/wp\/v2\/types\/post"}],"author":[{"embeddable":true,"href":"https:\/\/francbalanta.com\/blog\/wp-json\/wp\/v2\/users\/1"}],"replies":[{"embeddable":true,"href":"https:\/\/francbalanta.com\/blog\/wp-json\/wp\/v2\/comments?post=4114"}],"version-history":[{"count":9,"href":"https:\/\/francbalanta.com\/blog\/wp-json\/wp\/v2\/posts\/4114\/revisions"}],"predecessor-version":[{"id":4221,"href":"https:\/\/francbalanta.com\/blog\/wp-json\/wp\/v2\/posts\/4114\/revisions\/4221"}],"wp:featuredmedia":[{"embeddable":true,"href":"https:\/\/francbalanta.com\/blog\/wp-json\/wp\/v2\/media\/4140"}],"wp:attachment":[{"href":"https:\/\/francbalanta.com\/blog\/wp-json\/wp\/v2\/media?parent=4114"}],"wp:term":[{"taxonomy":"category","embeddable":true,"href":"https:\/\/francbalanta.com\/blog\/wp-json\/wp\/v2\/categories?post=4114"},{"taxonomy":"post_tag","embeddable":true,"href":"https:\/\/francbalanta.com\/blog\/wp-json\/wp\/v2\/tags?post=4114"}],"curies":[{"name":"wp","href":"https:\/\/api.w.org\/{rel}","templated":true}]}}