{"id":840,"date":"2020-04-28T19:47:32","date_gmt":"2020-04-29T00:47:32","guid":{"rendered":"https:\/\/francbalanta.com\/blog\/?p=840"},"modified":"2022-04-19T20:28:20","modified_gmt":"2022-04-20T01:28:20","slug":"una-temporada-en-el-infierno-arthur-rimbaud","status":"publish","type":"post","link":"https:\/\/francbalanta.com\/blog\/literatura\/poesia\/una-temporada-en-el-infierno-arthur-rimbaud\/","title":{"rendered":"Una Temporada en el Infierno &#8211; Arthur Rimbaud"},"content":{"rendered":"\n<h2 class=\"has-text-align-left wp-block-heading\">Sinopsis<\/h2>\n\n\n\n<p class=\"has-drop-cap has-text-align-left\">La inquietante personalidad de&nbsp;Jean Arthur Rimbaund&nbsp;(1854 &#8211; 1891) ya entr\u00f3 desde hace muchos a\u00f1os, y definitivamente, en la categor\u00eda de los mitos. Su figura adolescente se vuelca desde el fondo de los tiempos contra nosotros, injuri\u00e1ndonos, crispado por la c\u00f3lera que se revuelve en su esp\u00edritu, ofreci\u00e9ndonos una imagen \u00fanica de lo que el autor comprende como literatura. A los diecinueve a\u00f1os cambia su obra rebelde, revolucionaria y vidente por una vida aventurera. Es cuando deja de escribir, pero ya entonces era el autor que m\u00e1s caminos hab\u00eda encontrado para su expresi\u00f3n.<\/p>\n","protected":false},"excerpt":{"rendered":"<p>Sinopsis La inquietante personalidad de&nbsp;Jean Arthur Rimbaund&nbsp;(1854 &#8211; 1891) ya entr\u00f3 desde hace muchos a\u00f1os, y definitivamente, en la categor\u00eda de los mitos. Su figura adolescente se vuelca desde el fondo de los tiempos contra nosotros, injuri\u00e1ndonos, crispado por la c\u00f3lera que se revuelve en su esp\u00edritu, ofreci\u00e9ndonos una imagen \u00fanica de lo que el autor comprende como literatura. A&hellip;<\/p>\n","protected":false},"author":1,"featured_media":1974,"comment_status":"open","ping_status":"open","sticky":false,"template":"","format":"standard","meta":{"footnotes":""},"categories":[75],"tags":[],"class_list":["post-840","post","type-post","status-publish","format-standard","has-post-thumbnail","hentry","category-poesia"],"_links":{"self":[{"href":"https:\/\/francbalanta.com\/blog\/wp-json\/wp\/v2\/posts\/840","targetHints":{"allow":["GET"]}}],"collection":[{"href":"https:\/\/francbalanta.com\/blog\/wp-json\/wp\/v2\/posts"}],"about":[{"href":"https:\/\/francbalanta.com\/blog\/wp-json\/wp\/v2\/types\/post"}],"author":[{"embeddable":true,"href":"https:\/\/francbalanta.com\/blog\/wp-json\/wp\/v2\/users\/1"}],"replies":[{"embeddable":true,"href":"https:\/\/francbalanta.com\/blog\/wp-json\/wp\/v2\/comments?post=840"}],"version-history":[{"count":3,"href":"https:\/\/francbalanta.com\/blog\/wp-json\/wp\/v2\/posts\/840\/revisions"}],"predecessor-version":[{"id":2827,"href":"https:\/\/francbalanta.com\/blog\/wp-json\/wp\/v2\/posts\/840\/revisions\/2827"}],"wp:featuredmedia":[{"embeddable":true,"href":"https:\/\/francbalanta.com\/blog\/wp-json\/wp\/v2\/media\/1974"}],"wp:attachment":[{"href":"https:\/\/francbalanta.com\/blog\/wp-json\/wp\/v2\/media?parent=840"}],"wp:term":[{"taxonomy":"category","embeddable":true,"href":"https:\/\/francbalanta.com\/blog\/wp-json\/wp\/v2\/categories?post=840"},{"taxonomy":"post_tag","embeddable":true,"href":"https:\/\/francbalanta.com\/blog\/wp-json\/wp\/v2\/tags?post=840"}],"curies":[{"name":"wp","href":"https:\/\/api.w.org\/{rel}","templated":true}]}}