{"id":873,"date":"2020-06-06T22:05:00","date_gmt":"2020-06-07T03:05:00","guid":{"rendered":"https:\/\/francbalanta.com\/blog\/?p=873"},"modified":"2022-04-19T14:56:52","modified_gmt":"2022-04-19T19:56:52","slug":"ese-verano-a-oscuras-mariana-enriquez","status":"publish","type":"post","link":"https:\/\/francbalanta.com\/blog\/literatura\/cuento\/ese-verano-a-oscuras-mariana-enriquez\/","title":{"rendered":"Ese Verano a Oscuras &#8211; Mariana Enriquez"},"content":{"rendered":"\n<h2 class=\"has-text-align-left wp-block-heading\">Sinopsis<\/h2>\n\n\n\n<p class=\"has-drop-cap has-text-align-left\">Dos adolescentes que no enfrentan demonios, est\u00e1n del mismo lado. Fines de la d\u00e9cada del 80 y un contexto real: hiperinflaci\u00f3n, desempleo, cortes de luz. Otro: la fascinaci\u00f3n por los asesinos y la opresi\u00f3n social. El calor como simbolismo de un peso abrasador y asfixiante.&nbsp;\u00abEse verano a oscuras\u00bb&nbsp;es un grito que rebota en su propio eco en el complejo de edificios en plena b\u00fasqueda identitaria con el punk (\u00abNo hab\u00eda futuro\u00bb, dice la relatora) como parte fundamental de equivalencia.&nbsp;Mariana Enriquez&nbsp;retuerce la realidad hasta dejarnos sin aliento. Esta edici\u00f3n de P\u00e1gina de Espuma viene con las precisas ilustraciones de la madrile\u00f1a&nbsp;Helia Toledo&nbsp;que dialogan con el texto mismo.<\/p>\n","protected":false},"excerpt":{"rendered":"<p>Sinopsis Dos adolescentes que no enfrentan demonios, est\u00e1n del mismo lado. Fines de la d\u00e9cada del 80 y un contexto real: hiperinflaci\u00f3n, desempleo, cortes de luz. Otro: la fascinaci\u00f3n por los asesinos y la opresi\u00f3n social. El calor como simbolismo de un peso abrasador y asfixiante.&nbsp;\u00abEse verano a oscuras\u00bb&nbsp;es un grito que rebota en su propio eco en el complejo&hellip;<\/p>\n","protected":false},"author":1,"featured_media":1982,"comment_status":"open","ping_status":"open","sticky":false,"template":"","format":"standard","meta":{"footnotes":""},"categories":[141],"tags":[],"class_list":["post-873","post","type-post","status-publish","format-standard","has-post-thumbnail","hentry","category-cuento"],"_links":{"self":[{"href":"https:\/\/francbalanta.com\/blog\/wp-json\/wp\/v2\/posts\/873","targetHints":{"allow":["GET"]}}],"collection":[{"href":"https:\/\/francbalanta.com\/blog\/wp-json\/wp\/v2\/posts"}],"about":[{"href":"https:\/\/francbalanta.com\/blog\/wp-json\/wp\/v2\/types\/post"}],"author":[{"embeddable":true,"href":"https:\/\/francbalanta.com\/blog\/wp-json\/wp\/v2\/users\/1"}],"replies":[{"embeddable":true,"href":"https:\/\/francbalanta.com\/blog\/wp-json\/wp\/v2\/comments?post=873"}],"version-history":[{"count":3,"href":"https:\/\/francbalanta.com\/blog\/wp-json\/wp\/v2\/posts\/873\/revisions"}],"predecessor-version":[{"id":2756,"href":"https:\/\/francbalanta.com\/blog\/wp-json\/wp\/v2\/posts\/873\/revisions\/2756"}],"wp:featuredmedia":[{"embeddable":true,"href":"https:\/\/francbalanta.com\/blog\/wp-json\/wp\/v2\/media\/1982"}],"wp:attachment":[{"href":"https:\/\/francbalanta.com\/blog\/wp-json\/wp\/v2\/media?parent=873"}],"wp:term":[{"taxonomy":"category","embeddable":true,"href":"https:\/\/francbalanta.com\/blog\/wp-json\/wp\/v2\/categories?post=873"},{"taxonomy":"post_tag","embeddable":true,"href":"https:\/\/francbalanta.com\/blog\/wp-json\/wp\/v2\/tags?post=873"}],"curies":[{"name":"wp","href":"https:\/\/api.w.org\/{rel}","templated":true}]}}