{"id":959,"date":"2020-11-06T10:23:06","date_gmt":"2020-11-06T15:23:06","guid":{"rendered":"https:\/\/francbalanta.com\/blog\/?p=959"},"modified":"2022-04-19T15:28:33","modified_gmt":"2022-04-19T20:28:33","slug":"el-viento-comenzo-a-mecer-la-hierba-emily-dickinson","status":"publish","type":"post","link":"https:\/\/francbalanta.com\/blog\/literatura\/poesia\/el-viento-comenzo-a-mecer-la-hierba-emily-dickinson\/","title":{"rendered":"El Viento comenz\u00f3 a mecer la hierba &#8211; Emily Dickinson"},"content":{"rendered":"\n<h2 class=\"has-text-align-left wp-block-heading\">Sinopsis<\/h2>\n\n\n\n<p class=\"has-drop-cap has-text-align-left\">Emily Dickinson fue una mujer inteligente, rebelde y culta que, en su encierro voluntario en la habitaci\u00f3n de su casa en Amherst, construy\u00f3 una de las obras m\u00e1s s\u00f3lidas de la literatura universal.<br><\/p>\n\n\n\n<p class=\"has-text-align-left\">Como se\u00f1ala Juan Marqu\u00e9s en la presentaci\u00f3n, sus poemas \u00abadem\u00e1s de ser escritos, en principio, exclusivamente para la inmensa minor\u00eda de s\u00ed misma, fueron, a un tiempo, complicad\u00edsimos y simples, alegres y tristes, transparentes y enigm\u00e1ticos. Son poemas que acompa\u00f1an y ayudan a vivir a quien los lee, que ense\u00f1an a observar mejor, que obligan a ser m\u00e1s compasivo\u00bb.<\/p>\n","protected":false},"excerpt":{"rendered":"<p>Sinopsis Emily Dickinson fue una mujer inteligente, rebelde y culta que, en su encierro voluntario en la habitaci\u00f3n de su casa en Amherst, construy\u00f3 una de las obras m\u00e1s s\u00f3lidas de la literatura universal. Como se\u00f1ala Juan Marqu\u00e9s en la presentaci\u00f3n, sus poemas \u00abadem\u00e1s de ser escritos, en principio, exclusivamente para la inmensa minor\u00eda de s\u00ed misma, fueron, a un&hellip;<\/p>\n","protected":false},"author":1,"featured_media":2009,"comment_status":"open","ping_status":"open","sticky":false,"template":"","format":"standard","meta":{"footnotes":""},"categories":[75],"tags":[],"class_list":["post-959","post","type-post","status-publish","format-standard","has-post-thumbnail","hentry","category-poesia"],"_links":{"self":[{"href":"https:\/\/francbalanta.com\/blog\/wp-json\/wp\/v2\/posts\/959","targetHints":{"allow":["GET"]}}],"collection":[{"href":"https:\/\/francbalanta.com\/blog\/wp-json\/wp\/v2\/posts"}],"about":[{"href":"https:\/\/francbalanta.com\/blog\/wp-json\/wp\/v2\/types\/post"}],"author":[{"embeddable":true,"href":"https:\/\/francbalanta.com\/blog\/wp-json\/wp\/v2\/users\/1"}],"replies":[{"embeddable":true,"href":"https:\/\/francbalanta.com\/blog\/wp-json\/wp\/v2\/comments?post=959"}],"version-history":[{"count":5,"href":"https:\/\/francbalanta.com\/blog\/wp-json\/wp\/v2\/posts\/959\/revisions"}],"predecessor-version":[{"id":2776,"href":"https:\/\/francbalanta.com\/blog\/wp-json\/wp\/v2\/posts\/959\/revisions\/2776"}],"wp:featuredmedia":[{"embeddable":true,"href":"https:\/\/francbalanta.com\/blog\/wp-json\/wp\/v2\/media\/2009"}],"wp:attachment":[{"href":"https:\/\/francbalanta.com\/blog\/wp-json\/wp\/v2\/media?parent=959"}],"wp:term":[{"taxonomy":"category","embeddable":true,"href":"https:\/\/francbalanta.com\/blog\/wp-json\/wp\/v2\/categories?post=959"},{"taxonomy":"post_tag","embeddable":true,"href":"https:\/\/francbalanta.com\/blog\/wp-json\/wp\/v2\/tags?post=959"}],"curies":[{"name":"wp","href":"https:\/\/api.w.org\/{rel}","templated":true}]}}